{"id":1473544,"date":"2026-04-27T16:03:46","date_gmt":"2026-04-27T23:03:46","guid":{"rendered":"https:\/\/noticiasya.com\/2026\/04\/27\/psg-bayern-semifinal-champions-league-orix\/"},"modified":"2026-04-27T16:03:46","modified_gmt":"2026-04-27T23:03:46","slug":"psg-bayern-semifinal-champions-league-orix","status":"publish","type":"post","link":"https:\/\/noticiasya.com\/washington-dc\/2026\/04\/27\/psg-bayern-semifinal-champions-league-orix\/","title":{"rendered":"PSG vs. Bayern Munich, por la semifinal de la Champions League 2025\/2026: previa, alineaciones, hora y c\u00f3mo ver"},"content":{"rendered":"<p>Las semifinales de la UEFA Champions League 2025\/2026 comienzan este martes con un duelo de alto vuelo: el Paris Saint-Germain, el vigente campe\u00f3n de la competici\u00f3n, recibe en el Parque de los Pr\u00edncipes al Bayern Munich, ganador en seis ocasiones de la \u201cOrejona\u201d.<\/p>\n<p>Sin ning\u00fan temor a la equivocaci\u00f3n, se puede afirmar que esta serie tendr\u00e1 goles, y probablemente muchos. Despu\u00e9s de todo, est\u00e1n cara a cara los dos equipos que m\u00e1s tantos anotaron en la presente edici\u00f3n del torneo: 38 para cada lado, aunque, es cierto, los parisinos jugaron dos partidos m\u00e1s (los playoffs para clasificar a octavos de final).<\/p>\n<p>Habr\u00e1 caras largas, por supuesto. La rivalidad entre el PSG y el Bayern lleva ya unos a\u00f1os creciendo a fuego lento, con la final de 2020 en el recuerdo de todos. Aquella noche, en Portugal, los b\u00e1varos se impusieron por 1 a 0 y celebraron el que hasta ahora es su \u00faltimo t\u00edtulo.<\/p>\n<p>Aquella victoria del \u201cGigante de Baviera\u201d marc\u00f3 la nueva tendencia en este choque de titanes, porque hasta la temporada 2017\/2018 era PSG el due\u00f1o del historial, pero desde entonces los germanos han sido una aplanadora pr\u00e1cticamente cada vez que se cruzan. La excepci\u00f3n a la regla fue el choque por los cuartos de final del Mundial de Clubes, donde los parisinos ganaron bien 2-0.<\/p>\n<p>El \u00faltimo antecedente entre ambos lleg\u00f3 en esta misma edici\u00f3n, cuando en la cuarta jornada de la fase de liga el colombiano Luis D\u00edaz jug\u00f3 45 minutos con la capa de superh\u00e9roe, marc\u00f3 dos goles en Par\u00eds, y en la \u00faltima acci\u00f3n del primer tiempo se puso la m\u00e1scara de villano y dej\u00f3 a su equipo con 10 hombres. Sin embargo, el Bayern sobrevivi\u00f3 al asedi\u00f3 franc\u00e9s y se volvi\u00f3 a Munich con un triunfo por 2 a 1.<\/p>\n<p>Al igual que aquella noche parisina, se espera para este martes un duelo ultraofensivo, quiz\u00e1s similar a lo que se vivi\u00f3 en el \u00faltimo Bayern Munich vs. Real Madrid (4-3).<br \/>Y es que los dirigidos por Luis Enrique y los comandados por Vincent Kompany tienen muchas similitudes, con la b\u00fasqueda constante de abrir y subir a sus laterales y apostar por el desequilibrio individual que siempre prometen Demb\u00e9l\u00e9, Kvaratskhelia, Olise y Luis D\u00edaz.<\/p>\n<p>La \u00fanica diferencia notable entre ambos equipos es la del centro delantero. Mientras que en el PSG la clave es que todos sus atacantes roten en las posiciones del frente para sorprender y quitar referencia a la defensa rival, en el Bayern es inamovible la pieza de Harry Kane, y razones sobran: el ingl\u00e9s ya lleva cinco partidos al hilo marcando al menos un gol en esta Champions y, con Mbapp\u00e9 ya eliminado, quiere llegar a lo m\u00e1s alto de la tabla de goleadores.<\/p>\n<p>Puede parecer que el Bayern llega mejor, entonado despu\u00e9s de asegurar otro t\u00edtulo en la Bundesliga y el pase a la final de la Copa de Alemania, pero el PSG tiene a casi todo su arsenal a disposici\u00f3n, a diferencia de los b\u00e1varos, que tienen una lista de ausentes por lesi\u00f3n: Tom Bischof (gemelo), Lennart Karl (cu\u00e1driceps), Raphael Guerreiro (b\u00edceps femoral), Sven Ulreich (aductor) y, la m\u00e1s dolorosa de todas, la de Serge Gnabry (aductor), el atacante clave en el andamiaje ofensivo de Kompany que tambi\u00e9n se perder\u00e1 el <a href=\"https:\/\/cnnespanol.cnn.com\/deportes\/mundial-2026\">Mundial de 2026<\/a>. En su lugar ingresar\u00e1 con toda seguridad Jamal Musiala, un joven talento que no termina de afianzarse en el once titular.<\/p>\n<p>La ausencia de Gnabry no ser\u00e1 la \u00fanica en el campo de juego del Parque de los Pr\u00edncipes: el propio Kompany tendr\u00e1 que seguir el duelo desde alg\u00fan palco o tribuna, ya que debe cumplir una suspensi\u00f3n por tarjetas amarillas. Tendr\u00e1 prohibido estar con sus dirigidos desde que llegue el Bayern hasta el final del encuentro. Un condimento m\u00e1s para un duelo que nadie se quiere perder.<\/p>\n<p><strong>Paris Saint-Germain:<\/strong> Matvey Safonov; Achraf Hakimi, Marquinhos, Willian Pacho, Nuno Mendes; Warren Za\u00efre-Emery, Vitinha, Jo\u00e3o Neves; D\u00e9sir\u00e9 Dou\u00e9, Ousmane Demb\u00e9l\u00e9, Khvicha Kvaratskhelia.<\/p>\n<p><strong>Bayern:<\/strong> Manuel Neuer; Josip Stani\u0161i\u0107, Dayot Upamecano, Jonathan Tah, Konrad Laimer; Joshua Kimmich, Aleksandar Pavlovi\u0107; Michael Olise, Jamal Musiala, Luis D\u00edaz; Harry Kane.<\/p>\n<ul>\n<li>3 p.m. de Miami.<\/li>\n<li>12 p.m. de Los \u00c1ngeles.<\/li>\n<li>1 p.m. de Ciudad de M\u00e9xico.<\/li>\n<li>2 p.m. de Bogot\u00e1.<\/li>\n<li>4 p.m. de Buenos Aires.<\/li>\n<li>9 p.m. de Madrid.<\/li>\n<\/ul>\n<p>En Estados Unidos podr\u00e1 verse a trav\u00e9s de Paramount+, TUDN y DAZN, mientras que en M\u00e9xico estar\u00e1 disponible en HBO Max (compa\u00f1\u00eda hermana de CNN) y Fox.<\/p>\n<p>Para Argentina, Colombia y gran parte de Sudam\u00e9rica la opci\u00f3n ser\u00e1 ESPN o Fox y Disney+, en tanto que en Espa\u00f1a habr\u00e1 que sintonizar Movistar+.<\/p>\n<p>The-CNN-Wire<br \/>&trade; &amp; &copy; 2026 Cable News Network, Inc., a Warner Bros. Discovery Company. All rights reserved.<\/p>\n","protected":false},"excerpt":{"rendered":"<p>Las semifinales de la UEFA Champions League 2025\/2026 comienzan este martes con un duelo de alto vuelo: el Paris Saint-Germain, el vigente campe\u00f3n de la competici\u00f3n, recibe en el Parque de los Pr\u00edncipes al Bayern Munich, ganador en seis ocasiones de la \u201cOrejona\u201d. Sin ning\u00fan temor a la equivocaci\u00f3n, se puede afirmar que esta serie [&hellip;]<\/p>\n","protected":false},"author":0,"featured_media":0,"comment_status":"open","ping_status":"open","sticky":false,"template":"","format":"standard","meta":{"_jetpack_memberships_contains_paid_content":false,"footnotes":""},"categories":[10],"tags":[],"class_list":["post-1473544","post","type-post","status-publish","format-standard","hentry","category-noticias-nacionales","market-global"],"yoast_head":"<!-- This site is optimized with the Yoast SEO plugin v24.4 - https:\/\/yoast.com\/wordpress\/plugins\/seo\/ -->\n<title>PSG vs. Bayern Munich, por la semifinal de la Champions League 2025\/2026: previa, alineaciones, hora y c\u00f3mo ver - Noticias<\/title>\n<meta name=\"robots\" content=\"index, follow, max-snippet:-1, max-image-preview:large, max-video-preview:-1\" \/>\n<link rel=\"canonical\" href=\"https:\/\/noticiasya.com\/2026\/04\/27\/psg-bayern-semifinal-champions-league-orix\/\" \/>\n<meta property=\"og:locale\" content=\"es_ES\" \/>\n<meta property=\"og:type\" content=\"article\" \/>\n<meta property=\"og:title\" content=\"PSG vs. Bayern Munich, por la semifinal de la Champions League 2025\/2026: previa, alineaciones, hora y c\u00f3mo ver - Noticias\" \/>\n<meta property=\"og:description\" content=\"Las semifinales de la UEFA Champions League 2025\/2026 comienzan este martes con un duelo de alto vuelo: el Paris Saint-Germain, el vigente campe\u00f3n de la competici\u00f3n, recibe en el Parque de los Pr\u00edncipes al Bayern Munich, ganador en seis ocasiones de la \u201cOrejona\u201d. Sin ning\u00fan temor a la equivocaci\u00f3n, se puede afirmar que esta serie [&hellip;]\" \/>\n<meta property=\"og:url\" content=\"https:\/\/noticiasya.com\/2026\/04\/27\/psg-bayern-semifinal-champions-league-orix\/\" \/>\n<meta property=\"og:site_name\" content=\"Noticias\" \/>\n<meta property=\"article:published_time\" content=\"2026-04-27T23:03:46+00:00\" \/>\n<meta name=\"twitter:card\" content=\"summary_large_image\" \/>\n<meta name=\"twitter:label1\" content=\"Est. reading time\" \/>\n\t<meta name=\"twitter:data1\" content=\"4 minutos\" \/>\n<script type=\"application\/ld+json\" class=\"yoast-schema-graph\">{\"@context\":\"https:\/\/schema.org\",\"@graph\":[{\"@type\":\"Article\",\"@id\":\"https:\/\/noticiasya.com\/2026\/04\/27\/psg-bayern-semifinal-champions-league-orix\/#article\",\"isPartOf\":{\"@id\":\"https:\/\/noticiasya.com\/2026\/04\/27\/psg-bayern-semifinal-champions-league-orix\/\"},\"author\":{\"name\":\"\",\"@id\":\"\"},\"headline\":\"PSG vs. Bayern Munich, por la semifinal de la Champions League 2025\/2026: previa, alineaciones, hora y c\u00f3mo ver\",\"datePublished\":\"2026-04-27T23:03:46+00:00\",\"mainEntityOfPage\":{\"@id\":\"https:\/\/noticiasya.com\/2026\/04\/27\/psg-bayern-semifinal-champions-league-orix\/\"},\"wordCount\":837,\"commentCount\":0,\"publisher\":{\"@id\":\"https:\/\/noticiasya.com\/#organization\"},\"articleSection\":[\"Noticias Nacionales\"],\"inLanguage\":\"es\",\"potentialAction\":[{\"@type\":\"CommentAction\",\"name\":\"Comment\",\"target\":[\"https:\/\/noticiasya.com\/2026\/04\/27\/psg-bayern-semifinal-champions-league-orix\/#respond\"]}]},{\"@type\":\"WebPage\",\"@id\":\"https:\/\/noticiasya.com\/2026\/04\/27\/psg-bayern-semifinal-champions-league-orix\/\",\"url\":\"https:\/\/noticiasya.com\/2026\/04\/27\/psg-bayern-semifinal-champions-league-orix\/\",\"name\":\"PSG vs. Bayern Munich, por la semifinal de la Champions League 2025\/2026: previa, alineaciones, hora y c\u00f3mo ver - Noticias\",\"isPartOf\":{\"@id\":\"https:\/\/noticiasya.com\/#website\"},\"datePublished\":\"2026-04-27T23:03:46+00:00\",\"breadcrumb\":{\"@id\":\"https:\/\/noticiasya.com\/2026\/04\/27\/psg-bayern-semifinal-champions-league-orix\/#breadcrumb\"},\"inLanguage\":\"es\",\"potentialAction\":[{\"@type\":\"ReadAction\",\"target\":[\"https:\/\/noticiasya.com\/2026\/04\/27\/psg-bayern-semifinal-champions-league-orix\/\"]}]},{\"@type\":\"BreadcrumbList\",\"@id\":\"https:\/\/noticiasya.com\/2026\/04\/27\/psg-bayern-semifinal-champions-league-orix\/#breadcrumb\",\"itemListElement\":[{\"@type\":\"ListItem\",\"position\":1,\"name\":\"Home\",\"item\":\"https:\/\/noticiasya.com\/\"},{\"@type\":\"ListItem\",\"position\":2,\"name\":\"PSG vs. Bayern Munich, por la semifinal de la Champions League 2025\/2026: previa, alineaciones, hora y c\u00f3mo ver\"}]},{\"@type\":\"WebSite\",\"@id\":\"https:\/\/noticiasya.com\/#website\",\"url\":\"https:\/\/noticiasya.com\/\",\"name\":\"Noticias\",\"description\":\"Lo que importa\",\"publisher\":{\"@id\":\"https:\/\/noticiasya.com\/#organization\"},\"potentialAction\":[{\"@type\":\"SearchAction\",\"target\":{\"@type\":\"EntryPoint\",\"urlTemplate\":\"https:\/\/noticiasya.com\/?s={search_term_string}\"},\"query-input\":{\"@type\":\"PropertyValueSpecification\",\"valueRequired\":true,\"valueName\":\"search_term_string\"}}],\"inLanguage\":\"es\"},{\"@type\":\"Organization\",\"@id\":\"https:\/\/noticiasya.com\/#organization\",\"name\":\"Noticias\",\"url\":\"https:\/\/noticiasya.com\/\",\"logo\":{\"@type\":\"ImageObject\",\"inLanguage\":\"es\",\"@id\":\"https:\/\/noticiasya.com\/#\/schema\/logo\/image\/\",\"url\":\"https:\/\/noticiasya.com\/wp-content\/uploads\/sites\/22\/2023\/12\/logo-nacional.png\",\"contentUrl\":\"https:\/\/noticiasya.com\/wp-content\/uploads\/sites\/22\/2023\/12\/logo-nacional.png\",\"width\":1801,\"height\":691,\"caption\":\"Noticias\"},\"image\":{\"@id\":\"https:\/\/noticiasya.com\/#\/schema\/logo\/image\/\"}}]}<\/script>\n<!-- \/ Yoast SEO plugin. -->","yoast_head_json":{"title":"PSG vs. Bayern Munich, por la semifinal de la Champions League 2025\/2026: previa, alineaciones, hora y c\u00f3mo ver - Noticias","robots":{"index":"index","follow":"follow","max-snippet":"max-snippet:-1","max-image-preview":"max-image-preview:large","max-video-preview":"max-video-preview:-1"},"canonical":"https:\/\/noticiasya.com\/2026\/04\/27\/psg-bayern-semifinal-champions-league-orix\/","og_locale":"es_ES","og_type":"article","og_title":"PSG vs. Bayern Munich, por la semifinal de la Champions League 2025\/2026: previa, alineaciones, hora y c\u00f3mo ver - Noticias","og_description":"Las semifinales de la UEFA Champions League 2025\/2026 comienzan este martes con un duelo de alto vuelo: el Paris Saint-Germain, el vigente campe\u00f3n de la competici\u00f3n, recibe en el Parque de los Pr\u00edncipes al Bayern Munich, ganador en seis ocasiones de la \u201cOrejona\u201d. Sin ning\u00fan temor a la equivocaci\u00f3n, se puede afirmar que esta serie [&hellip;]","og_url":"https:\/\/noticiasya.com\/2026\/04\/27\/psg-bayern-semifinal-champions-league-orix\/","og_site_name":"Noticias","article_published_time":"2026-04-27T23:03:46+00:00","twitter_card":"summary_large_image","twitter_misc":{"Est. reading time":"4 minutos"},"schema":{"@context":"https:\/\/schema.org","@graph":[{"@type":"Article","@id":"https:\/\/noticiasya.com\/2026\/04\/27\/psg-bayern-semifinal-champions-league-orix\/#article","isPartOf":{"@id":"https:\/\/noticiasya.com\/2026\/04\/27\/psg-bayern-semifinal-champions-league-orix\/"},"author":{"name":"","@id":""},"headline":"PSG vs. Bayern Munich, por la semifinal de la Champions League 2025\/2026: previa, alineaciones, hora y c\u00f3mo ver","datePublished":"2026-04-27T23:03:46+00:00","mainEntityOfPage":{"@id":"https:\/\/noticiasya.com\/2026\/04\/27\/psg-bayern-semifinal-champions-league-orix\/"},"wordCount":837,"commentCount":0,"publisher":{"@id":"https:\/\/noticiasya.com\/#organization"},"articleSection":["Noticias Nacionales"],"inLanguage":"es","potentialAction":[{"@type":"CommentAction","name":"Comment","target":["https:\/\/noticiasya.com\/2026\/04\/27\/psg-bayern-semifinal-champions-league-orix\/#respond"]}]},{"@type":"WebPage","@id":"https:\/\/noticiasya.com\/2026\/04\/27\/psg-bayern-semifinal-champions-league-orix\/","url":"https:\/\/noticiasya.com\/2026\/04\/27\/psg-bayern-semifinal-champions-league-orix\/","name":"PSG vs. Bayern Munich, por la semifinal de la Champions League 2025\/2026: previa, alineaciones, hora y c\u00f3mo ver - Noticias","isPartOf":{"@id":"https:\/\/noticiasya.com\/#website"},"datePublished":"2026-04-27T23:03:46+00:00","breadcrumb":{"@id":"https:\/\/noticiasya.com\/2026\/04\/27\/psg-bayern-semifinal-champions-league-orix\/#breadcrumb"},"inLanguage":"es","potentialAction":[{"@type":"ReadAction","target":["https:\/\/noticiasya.com\/2026\/04\/27\/psg-bayern-semifinal-champions-league-orix\/"]}]},{"@type":"BreadcrumbList","@id":"https:\/\/noticiasya.com\/2026\/04\/27\/psg-bayern-semifinal-champions-league-orix\/#breadcrumb","itemListElement":[{"@type":"ListItem","position":1,"name":"Home","item":"https:\/\/noticiasya.com\/"},{"@type":"ListItem","position":2,"name":"PSG vs. Bayern Munich, por la semifinal de la Champions League 2025\/2026: previa, alineaciones, hora y c\u00f3mo ver"}]},{"@type":"WebSite","@id":"https:\/\/noticiasya.com\/#website","url":"https:\/\/noticiasya.com\/","name":"Noticias","description":"Lo que importa","publisher":{"@id":"https:\/\/noticiasya.com\/#organization"},"potentialAction":[{"@type":"SearchAction","target":{"@type":"EntryPoint","urlTemplate":"https:\/\/noticiasya.com\/?s={search_term_string}"},"query-input":{"@type":"PropertyValueSpecification","valueRequired":true,"valueName":"search_term_string"}}],"inLanguage":"es"},{"@type":"Organization","@id":"https:\/\/noticiasya.com\/#organization","name":"Noticias","url":"https:\/\/noticiasya.com\/","logo":{"@type":"ImageObject","inLanguage":"es","@id":"https:\/\/noticiasya.com\/#\/schema\/logo\/image\/","url":"https:\/\/noticiasya.com\/wp-content\/uploads\/sites\/22\/2023\/12\/logo-nacional.png","contentUrl":"https:\/\/noticiasya.com\/wp-content\/uploads\/sites\/22\/2023\/12\/logo-nacional.png","width":1801,"height":691,"caption":"Noticias"},"image":{"@id":"https:\/\/noticiasya.com\/#\/schema\/logo\/image\/"}}]}},"parsely":{"version":"1.1.0","canonical_url":"https:\/\/noticiasya.com\/washington-dc\/2026\/04\/27\/psg-bayern-semifinal-champions-league-orix\/","smart_links":{"inbound":0,"outbound":0},"traffic_boost_suggestions_count":0,"meta":{"@context":"https:\/\/schema.org","@type":"NewsArticle","headline":"PSG vs. Bayern Munich, por la semifinal de la Champions League 2025\/2026: previa, alineaciones, hora y c\u00f3mo ver","url":"http:\/\/noticiasya.com\/washington-dc\/2026\/04\/27\/psg-bayern-semifinal-champions-league-orix\/","mainEntityOfPage":{"@type":"WebPage","@id":"http:\/\/noticiasya.com\/washington-dc\/2026\/04\/27\/psg-bayern-semifinal-champions-league-orix\/"},"thumbnailUrl":"","image":{"@type":"ImageObject","url":""},"articleSection":"Noticias Nacionales","author":[],"creator":[],"publisher":{"@type":"Organization","name":"Noticias","logo":""},"keywords":[],"dateCreated":"2026-04-27T23:03:46Z","datePublished":"2026-04-27T23:03:46Z","dateModified":"2026-04-27T23:03:46Z"},"rendered":"<script type=\"application\/ld+json\" class=\"wp-parsely-metadata\">{\"@context\":\"https:\\\/\\\/schema.org\",\"@type\":\"NewsArticle\",\"headline\":\"PSG vs. Bayern Munich, por la semifinal de la Champions League 2025\\\/2026: previa, alineaciones, hora y c\\u00f3mo ver\",\"url\":\"http:\\\/\\\/noticiasya.com\\\/washington-dc\\\/2026\\\/04\\\/27\\\/psg-bayern-semifinal-champions-league-orix\\\/\",\"mainEntityOfPage\":{\"@type\":\"WebPage\",\"@id\":\"http:\\\/\\\/noticiasya.com\\\/washington-dc\\\/2026\\\/04\\\/27\\\/psg-bayern-semifinal-champions-league-orix\\\/\"},\"thumbnailUrl\":\"\",\"image\":{\"@type\":\"ImageObject\",\"url\":\"\"},\"articleSection\":\"Noticias Nacionales\",\"author\":[],\"creator\":[],\"publisher\":{\"@type\":\"Organization\",\"name\":\"Noticias\",\"logo\":\"\"},\"keywords\":[],\"dateCreated\":\"2026-04-27T23:03:46Z\",\"datePublished\":\"2026-04-27T23:03:46Z\",\"dateModified\":\"2026-04-27T23:03:46Z\"}<\/script>","tracker_url":"https:\/\/cdn.parsely.com\/keys\/noticiasya.com\/p.js"},"jetpack_featured_media_url":"","jetpack-related-posts":[{"id":1459789,"url":"https:\/\/noticiasya.com\/washington-dc\/2025\/03\/11\/champions-league-equipos-clasificados-cuartos-final-orix\/","url_meta":{"origin":1473544,"position":0},"title":"Estos son los equipos clasificados en la Champions League 2024\/2025 a los cuartos de final","author":"","date":"marzo 11, 2025","format":false,"excerpt":"El Barcelona gole\u00f3 3-1 al Benfica en los octavos de final de la Champions League (4-1 qued\u00f3 el global) y se clasific\u00f3 a cuartos, ratificando su favoritismo en el torneo de clubes europeo.El Bayern Munich consigui\u00f3 su boleto para los cuartos de final tras derrotar al Bayer Leverkusen 2-0 (5-0\u2026","rel":"","context":"In &quot;Noticias Nacionales&quot;","block_context":{"text":"Noticias Nacionales","link":"https:\/\/noticiasya.com\/washington-dc\/categoria\/noticias-nacionales"},"img":{"alt_text":"","src":"","width":0,"height":0},"classes":[]},{"id":1462094,"url":"https:\/\/noticiasya.com\/washington-dc\/2025\/05\/07\/cuando-donde-final-champions-league-2024-2025-orix\/","url_meta":{"origin":1473544,"position":1},"title":"Cu\u00e1ndo y d\u00f3nde se juega la final de la Champions League 2024-2025","author":"","date":"mayo 7, 2025","format":false,"excerpt":"La Champions League, el torneo de f\u00fatbol m\u00e1s importante a nivel de clubes en el mundo, est\u00e1 por llegar a su fin.El Inter de Mil\u00e1n se clasific\u00f3 primero a la final tras vencer al FC Barcelona con un marcador global de 7-6, en una serie semifinal que ser\u00e1 recordada por\u2026","rel":"","context":"In &quot;Noticias Nacionales&quot;","block_context":{"text":"Noticias Nacionales","link":"https:\/\/noticiasya.com\/washington-dc\/categoria\/noticias-nacionales"},"img":{"alt_text":"","src":"","width":0,"height":0},"classes":[]},{"id":1461724,"url":"https:\/\/noticiasya.com\/washington-dc\/2025\/04\/28\/semifinales-champions-league-24-25-previa-horarios-como-ver-orix\/","url_meta":{"origin":1473544,"position":2},"title":"Semifinales de la Champions League 24\/25: previa, horarios y c\u00f3mo ver","author":"","date":"abril 28, 2025","format":false,"excerpt":"Para los cuatro semifinalistas de la Champions League de esta temporada, el torneo continental los ha puesto en un sendero particular.La definici\u00f3n, independientemente de quienes lleguen a la final en Munich el s\u00e1bado 31 de mayo, pondr\u00e1 cara a cara a un equipo que ya sabore\u00f3 las mieles de \u00e9xito,\u2026","rel":"","context":"In &quot;Noticias Nacionales&quot;","block_context":{"text":"Noticias Nacionales","link":"https:\/\/noticiasya.com\/washington-dc\/categoria\/noticias-nacionales"},"img":{"alt_text":"","src":"","width":0,"height":0},"classes":[]},{"id":1466614,"url":"https:\/\/noticiasya.com\/washington-dc\/2025\/09\/19\/balon-de-oro-2025-favoritos-orix\/","url_meta":{"origin":1473544,"position":3},"title":"\u00bfQui\u00e9nes son los favoritos al Bal\u00f3n de Oro 2025?","author":"","date":"septiembre 19, 2025","format":false,"excerpt":"La revista France Football dar\u00e1 a conocer este lunes a los ganadores del Bal\u00f3n de Oro, el premio individual m\u00e1s prestigioso que se entrega en el f\u00fatbol mundial.El galard\u00f3n tuvo su primera edici\u00f3n en 1956, aunque reci\u00e9n comenz\u00f3 a incluir a la rama femenina en 2018. Adem\u00e1s, se entregan distinciones\u2026","rel":"","context":"In &quot;Noticias Nacionales&quot;","block_context":{"text":"Noticias Nacionales","link":"https:\/\/noticiasya.com\/washington-dc\/categoria\/noticias-nacionales"},"img":{"alt_text":"","src":"","width":0,"height":0},"classes":[]},{"id":1466562,"url":"https:\/\/noticiasya.com\/washington-dc\/2025\/09\/17\/psg-atalanta-bayern-chelsea-jornada-champions-league-orix\/","url_meta":{"origin":1473544,"position":4},"title":"Un PSG arrollador, un Bayern imponiendo condiciones ante el Chelsea, as\u00ed transcurri\u00f3 la jornada de la Champions League","author":"","date":"septiembre 17, 2025","format":false,"excerpt":"La Liga de Campeones en la segunda jornada de la primera fecha ha dejado una noche llena de emociones y confirmando, desde el primer d\u00eda de competencia, a los equipos que se ponen los galones de favoritos.El campe\u00f3n defensor comenz\u00f3 en casa ante el Atalanta su gesta para repetir el\u2026","rel":"","context":"In &quot;Noticias Nacionales&quot;","block_context":{"text":"Noticias Nacionales","link":"https:\/\/noticiasya.com\/washington-dc\/categoria\/noticias-nacionales"},"img":{"alt_text":"","src":"","width":0,"height":0},"classes":[]},{"id":1459017,"url":"https:\/\/noticiasya.com\/washington-dc\/2025\/02\/21\/champions-league-cruces-octavos-orix\/","url_meta":{"origin":1473544,"position":5},"title":"As\u00ed ser\u00e1n los octavos de final de la Champions League 24\/25 tras el sorteo: partidos, fechas y cuadro","author":"","date":"febrero 21, 2025","format":false,"excerpt":"Este viernes se sortearon en la sede de la UEFA en Nyon, Suiza, los cruces de los octavos de final de la Champions League 24\/25 que se disputar\u00e1n en marzo.Estos son los resultados:PSG - LiverpoolBrujas - Aston VillaReal Madrid - Atl\u00e9tico de MadridPSV - ArsenalBenfica - BarcelonaBorussia Dortmund - LilleBayern\u2026","rel":"","context":"In &quot;Noticias Nacionales&quot;","block_context":{"text":"Noticias Nacionales","link":"https:\/\/noticiasya.com\/washington-dc\/categoria\/noticias-nacionales"},"img":{"alt_text":"","src":"","width":0,"height":0},"classes":[]}],"jetpack_sharing_enabled":true,"_links":{"self":[{"href":"https:\/\/noticiasya.com\/washington-dc\/wp-json\/wp\/v2\/posts\/1473544","targetHints":{"allow":["GET"]}}],"collection":[{"href":"https:\/\/noticiasya.com\/washington-dc\/wp-json\/wp\/v2\/posts"}],"about":[{"href":"https:\/\/noticiasya.com\/washington-dc\/wp-json\/wp\/v2\/types\/post"}],"replies":[{"embeddable":true,"href":"https:\/\/noticiasya.com\/washington-dc\/wp-json\/wp\/v2\/comments?post=1473544"}],"version-history":[{"count":0,"href":"https:\/\/noticiasya.com\/washington-dc\/wp-json\/wp\/v2\/posts\/1473544\/revisions"}],"wp:attachment":[{"href":"https:\/\/noticiasya.com\/washington-dc\/wp-json\/wp\/v2\/media?parent=1473544"}],"wp:term":[{"taxonomy":"category","embeddable":true,"href":"https:\/\/noticiasya.com\/washington-dc\/wp-json\/wp\/v2\/categories?post=1473544"},{"taxonomy":"post_tag","embeddable":true,"href":"https:\/\/noticiasya.com\/washington-dc\/wp-json\/wp\/v2\/tags?post=1473544"}],"curies":[{"name":"wp","href":"https:\/\/api.w.org\/{rel}","templated":true}]}}